{"id":196,"date":"2011-09-01T17:11:35","date_gmt":"2011-09-01T16:11:35","guid":{"rendered":"http:\/\/www.kinderberlin.de\/Blog\/?p=196"},"modified":"2011-09-01T17:11:35","modified_gmt":"2011-09-01T16:11:35","slug":"kinder-haben-was-zu-sagen-der-weltkindertag-2011-in-berlin","status":"publish","type":"post","link":"https:\/\/www.kinderberlin.de\/Blog\/kinder-haben-was-zu-sagen-der-weltkindertag-2011-in-berlin\/","title":{"rendered":"KINDER HABEN WAS ZU SAGEN: DER WELTKINDERTAG 2011 IN BERLIN"},"content":{"rendered":"ANZEIGE - <p>Habt ihr schon gewusst, dass Euch Kindern ein ganz eigener Tag gewidmet ist? Er nennt sich Weltkindertag und wird am 20. September gefeiert. In ganz Deutschland finden an diesem Tag tolle Aktionen statt, bei denen die W\u00fcnsche und Belange von Kindern ganz im Mittelpunkt stehen. Berlin ist Veranstaltungsort der wichtigsten Aktion: Dem deutschen Weltkindertagsfest am Potsdamer Platz. Allein im letzten Jahr waren hier weit \u00fcber 100.000 gro\u00dfe und kleine Besucher gekommen, die den Tag bei tollen Mitmach-Aktionen und einem fantastischen B\u00fchnenprogramm zusammen mit Familie und Freunden gefeiert haben. Das diesj\u00e4hrige Fest unter der Schirmherrschaft von Bundespr\u00e4sident Christian Wulff steht ganz unter dem Motto \u201eKinder haben was zu sagen\u201c. Hinter diesem Motto steckt auch eine politische Botschaft: Seit Jahrzehnten setzt sich das Kinderhilfswerk f\u00fcr die Rechte von Kindern ein; in diesem Jahr soll der Forderung nach Durchsetzung der UN-Kinderrechtskonvention in Deutschland nochmals besonderer Nachdruck verliehen werden.<\/p>\n<p>Das Programm verspricht euch einen abwechslungsreichen Nachmittag. Los geht\u2019s um 11 Uhr mit tollen B\u00fchnendarbietungen, die von rockiger Musik bis zur spektakul\u00e4ren Tanzshow reichen. Absolutes Highlight f\u00fcr gro\u00dfe und kleine Besucher: Der KI.KA Wettbewerb \u201eBeste Stimme 2011\u201c, bei der die tollste Nachwuchsband vor gro\u00dfem Publikum gek\u00fcrt wird. Mindestens ebenso spannend ist ein Gang \u00fcber den Potsdamer Platz mit seinen zahlreichen St\u00e4nden, Vereinen und Aktionen. Hier findet ihr tolle Ideen und Workshops wie Buttons selber machen, Malen, Basteln oder den Sinnespfad entlang wandeln.<\/p>\n<p>Termin: 18.09.2011, 11-18 Uhr<br \/>\nOrt: Rund um den Potsdamer Platz<br \/>\nKosten: Eintritt frei<br \/>\nInternet: <a href=\"http:\/\/www.weltkindertag.de\" target=\"_blank\">http:\/\/www.weltkindertag.de<\/a><\/p>\n","protected":false},"excerpt":{"rendered":"<p>ANZEIGE &#8211; Habt ihr schon gewusst, dass Euch Kindern ein ganz eigener Tag gewidmet ist? Er nennt sich Weltkindertag und wird am 20. September gefeiert. In ganz Deutschland finden an diesem Tag tolle Aktionen statt, bei denen die W\u00fcnsche und Belange von Kindern ganz im Mittelpunkt stehen. Berlin ist Veranstaltungsort der wichtigsten Aktion: Dem deutschen [&hellip;]<\/p>\n","protected":false},"author":3,"featured_media":0,"comment_status":"closed","ping_status":"closed","sticky":false,"template":"","format":"standard","meta":{"ep_exclude_from_search":false,"_jetpack_memberships_contains_paid_content":false,"footnotes":""},"categories":[1],"tags":[],"class_list":["post-196","post","type-post","status-publish","format-standard","hentry","category-allgemein"],"jetpack_featured_media_url":"","jetpack_sharing_enabled":true,"_links":{"self":[{"href":"https:\/\/www.kinderberlin.de\/Blog\/wp-json\/wp\/v2\/posts\/196","targetHints":{"allow":["GET"]}}],"collection":[{"href":"https:\/\/www.kinderberlin.de\/Blog\/wp-json\/wp\/v2\/posts"}],"about":[{"href":"https:\/\/www.kinderberlin.de\/Blog\/wp-json\/wp\/v2\/types\/post"}],"author":[{"embeddable":true,"href":"https:\/\/www.kinderberlin.de\/Blog\/wp-json\/wp\/v2\/users\/3"}],"replies":[{"embeddable":true,"href":"https:\/\/www.kinderberlin.de\/Blog\/wp-json\/wp\/v2\/comments?post=196"}],"version-history":[{"count":1,"href":"https:\/\/www.kinderberlin.de\/Blog\/wp-json\/wp\/v2\/posts\/196\/revisions"}],"predecessor-version":[{"id":197,"href":"https:\/\/www.kinderberlin.de\/Blog\/wp-json\/wp\/v2\/posts\/196\/revisions\/197"}],"wp:attachment":[{"href":"https:\/\/www.kinderberlin.de\/Blog\/wp-json\/wp\/v2\/media?parent=196"}],"wp:term":[{"taxonomy":"category","embeddable":true,"href":"https:\/\/www.kinderberlin.de\/Blog\/wp-json\/wp\/v2\/categories?post=196"},{"taxonomy":"post_tag","embeddable":true,"href":"https:\/\/www.kinderberlin.de\/Blog\/wp-json\/wp\/v2\/tags?post=196"}],"curies":[{"name":"wp","href":"https:\/\/api.w.org\/{rel}","templated":true}]}}