{"id":27,"date":"2010-01-31T23:31:15","date_gmt":"2010-01-31T22:31:15","guid":{"rendered":"http:\/\/www.kinderberlin.de\/Blog\/?p=27"},"modified":"2010-01-31T23:31:15","modified_gmt":"2010-01-31T22:31:15","slug":"projekt-esskultur-2","status":"publish","type":"post","link":"https:\/\/www.kinderberlin.de\/Blog\/projekt-esskultur-2\/","title":{"rendered":"Projekt Esskultur"},"content":{"rendered":"ANZEIGE - <p>Diesen Monat haben wir ein ganz besonderes \u201eSchmankerl\u201c f\u00fcr Euch \u2013 im wahrsten Sinne des Wortes! Denn das Berliner Projekt \u201eE\u00dfkultur\u201c bietet im Februar gleich mehrere Termine, in denen ihr einfach m\u00e4rchenhaft fr\u00fchst\u00fccken d\u00fcrft und dabei noch jede Menge Wissenswertes mit auf den Weg nehmt. Doch noch einmal von vorn: Bei E\u00dfkultur am Berliner Richardsplatz dreht sich alles rund um Essen und Genuss \u2013 gern auch verbunden mit einer kleinen Geschmacksreise der besonderen Art. Geschichten, Sagen und Mythen ranken sich um so manches Mahl \u2013 und das Team des Hauses setzt all diese zu einem spannenden Abenteuer um, in dem ganz nebenbei noch jede Menge gelernt werden kann. Vom Probieren exotischer Gew\u00fcrze \u00fcber Geschichten \u00fcber Adam und Eva und den ber\u00fchmten Apfel im Paradies bis zur Herkunft leckerer Speisen, die wir heute ganz selbstverst\u00e4ndlich essen und die doch eine lange Reise hinter sich haben \u2013 all das und noch viel mehr k\u00f6nnt ihr bei einer der verschiedenen Veranstaltungen von E\u00dfkultur erfahren. Dieses Mal dreht sich alles um den sagenumwobenen Orient, um Sindbad und um all die Leckereien, die er auf seinen Reisen probieren darf. Und auch hier seit herzlich eingeladen, am M\u00e4rchenfr\u00fchst\u00fcck wie aus 1001 Nacht teilzunehmen \u2013 mit oder ohne Eure Eltern, die sich im Original eingerichteten \u201eBeduinenzelt\u201c mit vielen K\u00f6stlichkeiten sicherlich genauso wohl f\u00fchlen werden wie Ihr. Fr\u00fchst\u00fccken, auf gem\u00fctlichen Kissen liegen und dabei den spannenden Geschichten von Michael Leese lauschen, der Euch auf einen Ausflug in den Orient entf\u00fchrt \u2013 sch\u00f6ner kann ein Sonntag eigentlich kaum beginnen! Das M\u00e4rchenfr\u00fchst\u00fcck ist perfekt geeignet f\u00fcr alle Kids an 6 Jahren und dar\u00fcber hinaus nat\u00fcrlich auch ein echtes Abenteuer f\u00fcr gro\u00dfe Zuh\u00f6rer&#8230;<\/p>\n<p>Veranstaltungsort:<\/p>\n<p>E\u00dfkultur<br \/>\nRichardplatz 55<br \/>\n12055 Berlin<br \/>\nN\u00e4here Informationen sowie Anmeldung unter Telefon 0 30\/68 08 93 44 oder per E-Mail an<br \/>\ninfo@esskultur.de<\/p>\n<p>Die Termine im Februar:<\/p>\n<p>Sonntag, 07.02.2010, 10:00 Uhr<br \/>\nSonntag, 14.02.2010, 10:00 Uhr<br \/>\nSonntag, 21.02.2010, 10:00 Uhr<br \/>\nSonntag, 28.02.2010, 10:00 Uhr<\/p>\n<p>Eintritt: 17 Euro<\/p>\n","protected":false},"excerpt":{"rendered":"<p>ANZEIGE &#8211; Diesen Monat haben wir ein ganz besonderes \u201eSchmankerl\u201c f\u00fcr Euch \u2013 im wahrsten Sinne des Wortes! Denn das Berliner Projekt \u201eE\u00dfkultur\u201c bietet im Februar gleich mehrere Termine, in denen ihr einfach m\u00e4rchenhaft fr\u00fchst\u00fccken d\u00fcrft und dabei noch jede Menge Wissenswertes mit auf den Weg nehmt. Doch noch einmal von vorn: Bei E\u00dfkultur am [&hellip;]<\/p>\n","protected":false},"author":3,"featured_media":0,"comment_status":"closed","ping_status":"closed","sticky":false,"template":"","format":"standard","meta":{"ep_exclude_from_search":false,"_jetpack_memberships_contains_paid_content":false,"footnotes":""},"categories":[21],"tags":[16,22],"class_list":["post-27","post","type-post","status-publish","format-standard","hentry","category-essen-trinken","tag-fruhstuck","tag-geschichten"],"jetpack_featured_media_url":"","jetpack_sharing_enabled":true,"_links":{"self":[{"href":"https:\/\/www.kinderberlin.de\/Blog\/wp-json\/wp\/v2\/posts\/27","targetHints":{"allow":["GET"]}}],"collection":[{"href":"https:\/\/www.kinderberlin.de\/Blog\/wp-json\/wp\/v2\/posts"}],"about":[{"href":"https:\/\/www.kinderberlin.de\/Blog\/wp-json\/wp\/v2\/types\/post"}],"author":[{"embeddable":true,"href":"https:\/\/www.kinderberlin.de\/Blog\/wp-json\/wp\/v2\/users\/3"}],"replies":[{"embeddable":true,"href":"https:\/\/www.kinderberlin.de\/Blog\/wp-json\/wp\/v2\/comments?post=27"}],"version-history":[{"count":1,"href":"https:\/\/www.kinderberlin.de\/Blog\/wp-json\/wp\/v2\/posts\/27\/revisions"}],"predecessor-version":[{"id":28,"href":"https:\/\/www.kinderberlin.de\/Blog\/wp-json\/wp\/v2\/posts\/27\/revisions\/28"}],"wp:attachment":[{"href":"https:\/\/www.kinderberlin.de\/Blog\/wp-json\/wp\/v2\/media?parent=27"}],"wp:term":[{"taxonomy":"category","embeddable":true,"href":"https:\/\/www.kinderberlin.de\/Blog\/wp-json\/wp\/v2\/categories?post=27"},{"taxonomy":"post_tag","embeddable":true,"href":"https:\/\/www.kinderberlin.de\/Blog\/wp-json\/wp\/v2\/tags?post=27"}],"curies":[{"name":"wp","href":"https:\/\/api.w.org\/{rel}","templated":true}]}}