{"id":317,"date":"2012-11-16T06:59:23","date_gmt":"2012-11-16T05:59:23","guid":{"rendered":"http:\/\/www.kinderberlin.de\/Blog\/?p=317"},"modified":"2012-11-16T06:59:23","modified_gmt":"2012-11-16T05:59:23","slug":"rotkappchen-kommt-aus-berlin-die-23-berliner-marchentage-haben-begonnen","status":"publish","type":"post","link":"https:\/\/www.kinderberlin.de\/Blog\/rotkappchen-kommt-aus-berlin-die-23-berliner-marchentage-haben-begonnen\/","title":{"rendered":"\u201eROTK\u00c4PPCHEN KOMMT AUS BERLIN!\u201c &#8211; DIE 23. BERLINER M\u00c4RCHENTAGE HABEN BEGONNEN!"},"content":{"rendered":"ANZEIGE - <p>Am 8. November geht\u2019s los: Dann beginnen wieder die allj\u00e4hrlichen Berliner M\u00e4rchentage \u2013 und das bereits zum 23. Mal! Ganze zweieinhalb Wochen lang dreht sich jetzt wieder alles um die zauberhafte Welt der (Kinder-)M\u00e4rchen. Ganze 1.200 Veranstaltungen an rund 350 verschiedenen Orten laden kleine und gro\u00dfe Besucher zu phantastischen Reisen in magische Welten. Neben dem Berliner Stadtgebiet lohnt auch das umliegende Brandenburg einen Besuch \u2013 was wo und wann genau stattfindet, l\u00e4sst sich leicht auf der Veranstaltungshomepage nachlesen.<\/p>\n<p>2012 feiern die M\u00e4rchentage \u00fcbrigens ein ganz besonderes Jubil\u00e4um: 1812 n\u00e4mlich, also vor genau 200 Jahren, wurden die \u201eKinder- und Hausm\u00e4rchen\u201c der Gebr\u00fcder Grimm herausgebracht. Wo? Nat\u00fcrlich in Berlin! Aus diesem Grund lautet das diesj\u00e4hrige Motto der M\u00e4rchentage auch kess \u201eRotk\u00e4ppchen kommt aus Berlin!\u201c &#8211; und dass die Geschichten der ber\u00fchmten Br\u00fcder in diesem Jahr ebenfalls einen ganz besonderen Platz im Programm einnehmen, versteht sich ja von selbst. Im Grunewald beispielsweise bieten Waldp\u00e4dagogen eine spannende Nachtwanderung auf Rumpelstilzchens Spuren, im Caf\u00e9 Charlottchen wird \u201eRapunzel\u201c als klassisches Marionettenspiel aufgef\u00fchrt, in der Kinderkunstwerkstatt wird das ber\u00fchmte St\u00fcck \u201eSchneewei\u00dfchen und Rosenrot\u201c zum Besten gegeben und und und&#8230;Au\u00dferdem kann man hier herrlichen M\u00e4rchengeschichten am Kaminfeuer lauschen, tolles Kinderkino erleben, Klangschalentheater bestaunen oder beim Mitmachm\u00e4rchen \u201eDer Teufel mit den drei goldenen Haaren\u201c (Bibliothek Tiergarten-S\u00fcd) selbst aktiv werden. Ganz egal, f\u00fcr welche Veranstaltung ihr euch auch entscheidet \u2013 diese Wochen werden wirklich m\u00e4rchenhaft!<\/p>\n<p>Termin: Die 23. Berliner M\u00e4rchentage beginnen am 08. November und dauern bis zum 25. November 2012, wechselnde Termine und Veranstaltungsorte<\/p>\n<p>Kosten: Der Eintritt kann stark variieren, auch kostenlose Veranstaltungen werden angeboten. Oft ist eine Anmeldung erforderlich oder zumindest erw\u00fcnscht<\/p>\n<p>Internet: Weitere Information inklusive Programm\u00fcbersicht finden sich auf der Veranstaltungsseite unter <a href=\"http:\/\/www.maerchenland-ev.de\/berliner_maerchentage\/vorschau_maerchentage.html\">http:\/\/www.maerchenland-ev.de\/berliner_maerchentage\/vorschau_maerchentage.html<\/a><\/p>\n","protected":false},"excerpt":{"rendered":"<p>ANZEIGE &#8211; Am 8. November geht\u2019s los: Dann beginnen wieder die allj\u00e4hrlichen Berliner M\u00e4rchentage \u2013 und das bereits zum 23. Mal! Ganze zweieinhalb Wochen lang dreht sich jetzt wieder alles um die zauberhafte Welt der (Kinder-)M\u00e4rchen. Ganze 1.200 Veranstaltungen an rund 350 verschiedenen Orten laden kleine und gro\u00dfe Besucher zu phantastischen Reisen in magische Welten. [&hellip;]<\/p>\n","protected":false},"author":3,"featured_media":0,"comment_status":"closed","ping_status":"closed","sticky":false,"template":"","format":"standard","meta":{"ep_exclude_from_search":false,"_jetpack_memberships_contains_paid_content":false,"footnotes":""},"categories":[20],"tags":[68],"class_list":["post-317","post","type-post","status-publish","format-standard","hentry","category-buhne","tag-marchentage"],"jetpack_featured_media_url":"","jetpack_sharing_enabled":true,"_links":{"self":[{"href":"https:\/\/www.kinderberlin.de\/Blog\/wp-json\/wp\/v2\/posts\/317","targetHints":{"allow":["GET"]}}],"collection":[{"href":"https:\/\/www.kinderberlin.de\/Blog\/wp-json\/wp\/v2\/posts"}],"about":[{"href":"https:\/\/www.kinderberlin.de\/Blog\/wp-json\/wp\/v2\/types\/post"}],"author":[{"embeddable":true,"href":"https:\/\/www.kinderberlin.de\/Blog\/wp-json\/wp\/v2\/users\/3"}],"replies":[{"embeddable":true,"href":"https:\/\/www.kinderberlin.de\/Blog\/wp-json\/wp\/v2\/comments?post=317"}],"version-history":[{"count":1,"href":"https:\/\/www.kinderberlin.de\/Blog\/wp-json\/wp\/v2\/posts\/317\/revisions"}],"predecessor-version":[{"id":318,"href":"https:\/\/www.kinderberlin.de\/Blog\/wp-json\/wp\/v2\/posts\/317\/revisions\/318"}],"wp:attachment":[{"href":"https:\/\/www.kinderberlin.de\/Blog\/wp-json\/wp\/v2\/media?parent=317"}],"wp:term":[{"taxonomy":"category","embeddable":true,"href":"https:\/\/www.kinderberlin.de\/Blog\/wp-json\/wp\/v2\/categories?post=317"},{"taxonomy":"post_tag","embeddable":true,"href":"https:\/\/www.kinderberlin.de\/Blog\/wp-json\/wp\/v2\/tags?post=317"}],"curies":[{"name":"wp","href":"https:\/\/api.w.org\/{rel}","templated":true}]}}