{"id":372,"date":"2013-09-18T08:19:12","date_gmt":"2013-09-18T07:19:12","guid":{"rendered":"http:\/\/www.kinderberlin.de\/Blog\/?p=372"},"modified":"2013-09-18T08:19:12","modified_gmt":"2013-09-18T07:19:12","slug":"maerchenhafter-spaziergang-fuer-jung-und-alt","status":"publish","type":"post","link":"https:\/\/www.kinderberlin.de\/Blog\/maerchenhafter-spaziergang-fuer-jung-und-alt\/","title":{"rendered":"M\u00e4rchenhafter Spaziergang f\u00fcr Jung und Alt"},"content":{"rendered":"ANZEIGE - <p>Keine Frage, im Herbst zeigt sich Berlin von seiner sch\u00f6nsten Seite. Wenn die feinen Sonnenstrahlen durch golden leuchtendes Herbstlaub strahlen, dann ist genau der richtige Zeitpunkt f\u00fcr einen ausgiebigen Streifzug durch die tollen Parks und G\u00e4rten der Stadt! Zum Beispiel bei einer M\u00e4rchenwanderung vom Figurentheater Grash\u00fcpfer. Zwei Stunden lang f\u00fchrt M\u00e4rchenerz\u00e4hler Uwe G\u00fcnzel kleine Teilnehmer und ihre Eltern auf eine Reise durch den Treptower Park. Eine zauberhafte Idee und einfach perfekt f\u00fcr gro\u00dfe und kleine Herbst- und Geschichtenfans!<\/p>\n<p>Wo: Figurentheater Grash\u00fcpfer, Puschkinallee 16<\/p>\n<p>Wann: 22. September 2013, 10-12 Uhr<\/p>\n<p>Kosten: Erwachsene 7 Euro, Kinder und Erm\u00e4\u00dfigte 5 Euro<\/p>\n<p>Besonderheiten: Bitte unter\u00a0\u00a0 030 \/ 536 951 50 telefonisch voranmelden<\/p>\n<p>Internet: <a href=\"http:\/\/www.theater-grashuepfer.de\/maerchentermine\/so22september1012uhr\/index.htm\">http:\/\/www.theater-grashuepfer.de\/maerchentermine\/so22september1012uhr\/index.htm<\/a><\/p>\n","protected":false},"excerpt":{"rendered":"<p>ANZEIGE &#8211; Keine Frage, im Herbst zeigt sich Berlin von seiner sch\u00f6nsten Seite. Wenn die feinen Sonnenstrahlen durch golden leuchtendes Herbstlaub strahlen, dann ist genau der richtige Zeitpunkt f\u00fcr einen ausgiebigen Streifzug durch die tollen Parks und G\u00e4rten der Stadt! Zum Beispiel bei einer M\u00e4rchenwanderung vom Figurentheater Grash\u00fcpfer. Zwei Stunden lang f\u00fchrt M\u00e4rchenerz\u00e4hler Uwe G\u00fcnzel [&hellip;]<\/p>\n","protected":false},"author":3,"featured_media":0,"comment_status":"closed","ping_status":"closed","sticky":false,"template":"","format":"standard","meta":{"ep_exclude_from_search":false,"_jetpack_memberships_contains_paid_content":false,"footnotes":""},"categories":[46],"tags":[],"class_list":["post-372","post","type-post","status-publish","format-standard","hentry","category-natur-umwelt"],"jetpack_featured_media_url":"","jetpack_sharing_enabled":true,"_links":{"self":[{"href":"https:\/\/www.kinderberlin.de\/Blog\/wp-json\/wp\/v2\/posts\/372","targetHints":{"allow":["GET"]}}],"collection":[{"href":"https:\/\/www.kinderberlin.de\/Blog\/wp-json\/wp\/v2\/posts"}],"about":[{"href":"https:\/\/www.kinderberlin.de\/Blog\/wp-json\/wp\/v2\/types\/post"}],"author":[{"embeddable":true,"href":"https:\/\/www.kinderberlin.de\/Blog\/wp-json\/wp\/v2\/users\/3"}],"replies":[{"embeddable":true,"href":"https:\/\/www.kinderberlin.de\/Blog\/wp-json\/wp\/v2\/comments?post=372"}],"version-history":[{"count":1,"href":"https:\/\/www.kinderberlin.de\/Blog\/wp-json\/wp\/v2\/posts\/372\/revisions"}],"predecessor-version":[{"id":373,"href":"https:\/\/www.kinderberlin.de\/Blog\/wp-json\/wp\/v2\/posts\/372\/revisions\/373"}],"wp:attachment":[{"href":"https:\/\/www.kinderberlin.de\/Blog\/wp-json\/wp\/v2\/media?parent=372"}],"wp:term":[{"taxonomy":"category","embeddable":true,"href":"https:\/\/www.kinderberlin.de\/Blog\/wp-json\/wp\/v2\/categories?post=372"},{"taxonomy":"post_tag","embeddable":true,"href":"https:\/\/www.kinderberlin.de\/Blog\/wp-json\/wp\/v2\/tags?post=372"}],"curies":[{"name":"wp","href":"https:\/\/api.w.org\/{rel}","templated":true}]}}